{"id":40,"count":13,"description":"","link":"https:\/\/sardestekstil.com\/en\/cat_sev\/temiz-taze-ve-saglikli\/","name":"Temiz, Taze ve Sa\u011fl\u0131kl\u0131","slug":"temiz-taze-ve-saglikli","taxonomy":"cat_sev","parent":0,"meta":[],"_links":{"self":[{"href":"https:\/\/sardestekstil.com\/en\/wp-json\/wp\/v2\/cat_sev\/40","targetHints":{"allow":["GET"]}}],"collection":[{"href":"https:\/\/sardestekstil.com\/en\/wp-json\/wp\/v2\/cat_sev"}],"about":[{"href":"https:\/\/sardestekstil.com\/en\/wp-json\/wp\/v2\/taxonomies\/cat_sev"}],"wp:post_type":[{"href":"https:\/\/sardestekstil.com\/en\/wp-json\/wp\/v2\/ova_sev?cat_sev=40"}],"curies":[{"name":"wp","href":"https:\/\/api.w.org\/{rel}","templated":true}]}}