{"id":11121,"date":"2024-07-05T15:39:11","date_gmt":"2024-07-05T12:39:11","guid":{"rendered":"https:\/\/sardestekstil.com\/?p=11121"},"modified":"2024-07-05T15:39:57","modified_gmt":"2024-07-05T12:39:57","slug":"heimtextil-fuari","status":"publish","type":"post","link":"https:\/\/sardestekstil.com\/en\/heimtextil-fuari\/","title":{"rendered":"Heimtextil Fuar\u0131"},"content":{"rendered":"<p><strong>Ev Tekstili Fuar\u0131 (Frankfurt\/Almanya)<\/strong><\/p>\n\n\n\n<p>Heimtextil Fuar\u0131, d\u00fcnyan\u0131n en b\u00fcy\u00fck ev tekstil \u00fcr\u00fcnleri fuar\u0131d\u0131r.&nbsp;G\u00fc\u00e7l\u00fc firmalar\u0131n yan\u0131nda yeni pek \u00e7ok markaya tan\u0131nma imk\u00e2n\u0131 sunar. Fuar havludan hal\u0131ya, duvar ka\u011f\u0131d\u0131ndan perdeye, d\u00f6\u015femelik kuma\u015ftan banyo e\u015fyalar\u0131na pek \u00e7ok markay\u0131; mimarlardan tasar\u0131mc\u0131lara, \u00fcreticiden perakendeciye sekt\u00f6r\u00fc var eden profesyonel isimlerle bulu\u015fturur.&nbsp;<\/p>","protected":false},"excerpt":{"rendered":"<p>Ev Tekstili Fuar\u0131 (Frankfurt\/Almanya) Heimtextil Fuar\u0131, d\u00fcnyan\u0131n en b\u00fcy\u00fck ev tekstil \u00fcr\u00fcnleri fuar\u0131d\u0131r.&nbsp;G\u00fc\u00e7l\u00fc firmalar\u0131n yan\u0131nda yeni pek \u00e7ok markaya tan\u0131nma imk\u00e2n\u0131 sunar. Fuar havludan hal\u0131ya, duvar ka\u011f\u0131d\u0131ndan perdeye, d\u00f6\u015femelik kuma\u015ftan banyo e\u015fyalar\u0131na pek \u00e7ok markay\u0131; mimarlardan tasar\u0131mc\u0131lara, \u00fcreticiden perakendeciye sekt\u00f6r\u00fc var eden profesyonel isimlerle bulu\u015fturur.&nbsp;<\/p>","protected":false},"author":3,"featured_media":0,"comment_status":"closed","ping_status":"closed","sticky":false,"template":"","format":"standard","meta":{"footnotes":""},"categories":[1],"tags":[],"class_list":["post-11121","post","type-post","status-publish","format-standard","hentry","category-blog"],"_links":{"self":[{"href":"https:\/\/sardestekstil.com\/en\/wp-json\/wp\/v2\/posts\/11121","targetHints":{"allow":["GET"]}}],"collection":[{"href":"https:\/\/sardestekstil.com\/en\/wp-json\/wp\/v2\/posts"}],"about":[{"href":"https:\/\/sardestekstil.com\/en\/wp-json\/wp\/v2\/types\/post"}],"author":[{"embeddable":true,"href":"https:\/\/sardestekstil.com\/en\/wp-json\/wp\/v2\/users\/3"}],"replies":[{"embeddable":true,"href":"https:\/\/sardestekstil.com\/en\/wp-json\/wp\/v2\/comments?post=11121"}],"version-history":[{"count":2,"href":"https:\/\/sardestekstil.com\/en\/wp-json\/wp\/v2\/posts\/11121\/revisions"}],"predecessor-version":[{"id":11123,"href":"https:\/\/sardestekstil.com\/en\/wp-json\/wp\/v2\/posts\/11121\/revisions\/11123"}],"wp:attachment":[{"href":"https:\/\/sardestekstil.com\/en\/wp-json\/wp\/v2\/media?parent=11121"}],"wp:term":[{"taxonomy":"category","embeddable":true,"href":"https:\/\/sardestekstil.com\/en\/wp-json\/wp\/v2\/categories?post=11121"},{"taxonomy":"post_tag","embeddable":true,"href":"https:\/\/sardestekstil.com\/en\/wp-json\/wp\/v2\/tags?post=11121"}],"curies":[{"name":"wp","href":"https:\/\/api.w.org\/{rel}","templated":true}]}}