{"id":11124,"date":"2024-07-05T15:40:27","date_gmt":"2024-07-05T12:40:27","guid":{"rendered":"https:\/\/sardestekstil.com\/?p=11124"},"modified":"2024-07-05T15:44:17","modified_gmt":"2024-07-05T12:44:17","slug":"techtextil-fuari","status":"publish","type":"post","link":"https:\/\/sardestekstil.com\/en\/techtextil-fuari\/","title":{"rendered":"Techtextil Fuar\u0131"},"content":{"rendered":"<h3 class=\"wp-block-heading\">Teknik Tekstil Fuar\u0131 (Frankfurt\/Almanya)<\/h3>\n\n\n\n<p>Teknik tekstil, dokusuz kuma\u015flar ve fonksiyonel tekstil \u00fcr\u00fcnleri alan\u0131nda d\u00fcnyan\u0131n \u00f6nde gelen bu ticaret fuar\u0131,&nbsp; 1986 y\u0131l\u0131ndan beri iki y\u0131lda bir ger\u00e7ekle\u015ftirilmektedir.&nbsp;<\/p>\n\n\n\n<p>Techtextil Frankfurt, estetikten ziyade teknik \u00f6zellikleri i\u00e7in imal edilen tekstil kuma\u015flar\u0131n ve dokusuz kuma\u015flar olarak adland\u0131r\u0131lan nonwoven \u00fcr\u00fcnlerin g\u00f6rebilece\u011fi, sekt\u00f6rde yap\u0131lan yenilikler ve teknolojik geli\u015fmelerin yerinde takip edebilece\u011fi b\u00fcy\u00fck bir bilgi ve geli\u015fim platformudur.<\/p>\n\n\n\n<p>Geli\u015ftirdi\u011fimiz FR Bariyer kuma\u015flar\u0131n\u0131 stand\u0131m\u0131zda kat\u0131l\u0131mc\u0131 ve ziyaret\u00e7ilere sunduk.&nbsp;<\/p>\n\n\n\n<figure class=\"wp-block-image size-large is-resized is-style-default\"><img fetchpriority=\"high\" decoding=\"async\" width=\"1024\" height=\"461\" src=\"https:\/\/sardestekstil.com\/wp-content\/uploads\/2024\/07\/Techtextile-Fuari-1024x461.jpg\" alt=\"\" class=\"wp-image-11131\" style=\"width:840px;height:auto\" srcset=\"https:\/\/sardestekstil.com\/wp-content\/uploads\/2024\/07\/Techtextile-Fuari-1024x461.jpg 1024w, https:\/\/sardestekstil.com\/wp-content\/uploads\/2024\/07\/Techtextile-Fuari-300x135.jpg 300w, https:\/\/sardestekstil.com\/wp-content\/uploads\/2024\/07\/Techtextile-Fuari-768x346.jpg 768w, https:\/\/sardestekstil.com\/wp-content\/uploads\/2024\/07\/Techtextile-Fuari-1536x691.jpg 1536w, https:\/\/sardestekstil.com\/wp-content\/uploads\/2024\/07\/Techtextile-Fuari-18x8.jpg 18w, https:\/\/sardestekstil.com\/wp-content\/uploads\/2024\/07\/Techtextile-Fuari.jpg 1600w\" sizes=\"(max-width: 1024px) 100vw, 1024px\" \/><\/figure>\n\n\n\n<p>2022<\/p>\n\n\n\n<figure class=\"wp-block-image size-large is-resized\"><img decoding=\"async\" width=\"1024\" height=\"765\" src=\"https:\/\/sardestekstil.com\/wp-content\/uploads\/2024\/07\/Resim00-1024x765.jpg\" alt=\"\" class=\"wp-image-11130\" style=\"width:840px;height:auto\" srcset=\"https:\/\/sardestekstil.com\/wp-content\/uploads\/2024\/07\/Resim00-1024x765.jpg 1024w, https:\/\/sardestekstil.com\/wp-content\/uploads\/2024\/07\/Resim00-300x224.jpg 300w, https:\/\/sardestekstil.com\/wp-content\/uploads\/2024\/07\/Resim00-768x574.jpg 768w, https:\/\/sardestekstil.com\/wp-content\/uploads\/2024\/07\/Resim00-16x12.jpg 16w, https:\/\/sardestekstil.com\/wp-content\/uploads\/2024\/07\/Resim00.jpg 1252w\" sizes=\"(max-width: 1024px) 100vw, 1024px\" \/><\/figure>","protected":false},"excerpt":{"rendered":"<p>Teknik Tekstil Fuar\u0131 (Frankfurt\/Almanya) Teknik tekstil, dokusuz kuma\u015flar ve fonksiyonel tekstil \u00fcr\u00fcnleri alan\u0131nda d\u00fcnyan\u0131n \u00f6nde gelen bu ticaret fuar\u0131,&nbsp; 1986 y\u0131l\u0131ndan beri iki y\u0131lda bir ger\u00e7ekle\u015ftirilmektedir.&nbsp; Techtextil Frankfurt, estetikten ziyade teknik \u00f6zellikleri i\u00e7in imal edilen tekstil kuma\u015flar\u0131n ve dokusuz kuma\u015flar olarak adland\u0131r\u0131lan nonwoven \u00fcr\u00fcnlerin g\u00f6rebilece\u011fi, sekt\u00f6rde yap\u0131lan yenilikler ve teknolojik geli\u015fmelerin yerinde takip edebilece\u011fi b\u00fcy\u00fck [&hellip;]<\/p>","protected":false},"author":3,"featured_media":11126,"comment_status":"closed","ping_status":"closed","sticky":false,"template":"","format":"standard","meta":{"footnotes":""},"categories":[1],"tags":[],"class_list":["post-11124","post","type-post","status-publish","format-standard","has-post-thumbnail","hentry","category-blog"],"_links":{"self":[{"href":"https:\/\/sardestekstil.com\/en\/wp-json\/wp\/v2\/posts\/11124","targetHints":{"allow":["GET"]}}],"collection":[{"href":"https:\/\/sardestekstil.com\/en\/wp-json\/wp\/v2\/posts"}],"about":[{"href":"https:\/\/sardestekstil.com\/en\/wp-json\/wp\/v2\/types\/post"}],"author":[{"embeddable":true,"href":"https:\/\/sardestekstil.com\/en\/wp-json\/wp\/v2\/users\/3"}],"replies":[{"embeddable":true,"href":"https:\/\/sardestekstil.com\/en\/wp-json\/wp\/v2\/comments?post=11124"}],"version-history":[{"count":3,"href":"https:\/\/sardestekstil.com\/en\/wp-json\/wp\/v2\/posts\/11124\/revisions"}],"predecessor-version":[{"id":11132,"href":"https:\/\/sardestekstil.com\/en\/wp-json\/wp\/v2\/posts\/11124\/revisions\/11132"}],"wp:featuredmedia":[{"embeddable":true,"href":"https:\/\/sardestekstil.com\/en\/wp-json\/wp\/v2\/media\/11126"}],"wp:attachment":[{"href":"https:\/\/sardestekstil.com\/en\/wp-json\/wp\/v2\/media?parent=11124"}],"wp:term":[{"taxonomy":"category","embeddable":true,"href":"https:\/\/sardestekstil.com\/en\/wp-json\/wp\/v2\/categories?post=11124"},{"taxonomy":"post_tag","embeddable":true,"href":"https:\/\/sardestekstil.com\/en\/wp-json\/wp\/v2\/tags?post=11124"}],"curies":[{"name":"wp","href":"https:\/\/api.w.org\/{rel}","templated":true}]}}