{"id":9,"date":"2024-02-24T15:20:41","date_gmt":"2024-02-24T12:20:41","guid":{"rendered":"https:\/\/sardestekstil.com\/?p=9"},"modified":"2024-07-05T15:38:19","modified_gmt":"2024-07-05T12:38:19","slug":"itma-milano-2023-fuarindaydik","status":"publish","type":"post","link":"https:\/\/sardestekstil.com\/en\/itma-milano-2023-fuarindaydik\/","title":{"rendered":"We were at the ITMA Milano 2023 fair."},"content":{"rendered":"<figure class=\"wp-block-image size-large is-resized is-style-default\"><img fetchpriority=\"high\" decoding=\"async\" width=\"1024\" height=\"1024\" src=\"https:\/\/sardestekstil.com\/wp-content\/uploads\/2024\/02\/Fuar2-1024x1024.png\" alt=\"\" class=\"wp-image-10087\" style=\"width:840px;height:auto\" srcset=\"https:\/\/sardestekstil.com\/wp-content\/uploads\/2024\/02\/Fuar2-1024x1024.png 1024w, https:\/\/sardestekstil.com\/wp-content\/uploads\/2024\/02\/Fuar2-300x300.png 300w, https:\/\/sardestekstil.com\/wp-content\/uploads\/2024\/02\/Fuar2-150x150.png 150w, https:\/\/sardestekstil.com\/wp-content\/uploads\/2024\/02\/Fuar2-768x768.png 768w, https:\/\/sardestekstil.com\/wp-content\/uploads\/2024\/02\/Fuar2.png 1080w\" sizes=\"(max-width: 1024px) 100vw, 1024px\" \/><\/figure>\n\n\n\n<h3 class=\"wp-block-heading\">ITMA Fuar\u0131<\/h3>\n\n\n\n<h3 class=\"wp-block-heading\">Uluslararas\u0131 Tekstil ve Konfeksiyon Makineleri Fuar\u0131&nbsp;<\/h3>\n\n\n\n<p>ITMA, 1951 senesinden bu yana 4 y\u0131lda bir yap\u0131lan ITMA, d\u00fcnyan\u0131n en b\u00fcy\u00fck ve en k\u00f6kl\u00fc tekstil ve tekstil teknolojileri fuar\u0131d\u0131r. Tekstil malzemeleri ve son teknolojilerinin geni\u015f bir alanda sunuldu\u011fu fuar, d\u00fcnyan\u0131n h\u0131zla d\u00f6n\u00fc\u015fen tekstil sekt\u00f6r\u00fc i\u00e7in \u00f6nemli bir ke\u015fif merkezidir. Uluslararas\u0131 tekstil sekt\u00f6r\u00fcn\u00fcn \u00f6nde gelen isimlerini, tekstil makineleri \u00fcreticilerini, tasar\u0131mc\u0131lar\u0131, tedarik\u00e7ileri ve di\u011fer ilgili payda\u015flar\u0131 bir araya getirerek benzersiz bir platform sa\u011flamaktad\u0131r.&nbsp; Bu fuar, ayn\u0131 zamanda yenilik\u00e7i teknolojilerin, s\u00fcrd\u00fcr\u00fclebilir \u00fcretim s\u00fcre\u00e7lerinin ve ak\u0131ll\u0131 \u00fcretim sistemlerinin sekt\u00f6re nas\u0131l uygulanabilece\u011fine de \u0131\u015f\u0131k tutmaktad\u0131r.<\/p>","protected":false},"excerpt":{"rendered":"<p>ITMA Fuar\u0131 Uluslararas\u0131 Tekstil ve Konfeksiyon Makineleri Fuar\u0131&nbsp; ITMA, 1951 senesinden bu yana 4 y\u0131lda bir yap\u0131lan ITMA, d\u00fcnyan\u0131n en b\u00fcy\u00fck ve en k\u00f6kl\u00fc tekstil ve tekstil teknolojileri fuar\u0131d\u0131r. Tekstil malzemeleri ve son teknolojilerinin geni\u015f bir alanda sunuldu\u011fu fuar, d\u00fcnyan\u0131n h\u0131zla d\u00f6n\u00fc\u015fen tekstil sekt\u00f6r\u00fc i\u00e7in \u00f6nemli bir ke\u015fif merkezidir. Uluslararas\u0131 tekstil sekt\u00f6r\u00fcn\u00fcn \u00f6nde gelen isimlerini, [&hellip;]<\/p>","protected":false},"author":2,"featured_media":10087,"comment_status":"closed","ping_status":"closed","sticky":false,"template":"","format":"standard","meta":{"footnotes":""},"categories":[1],"tags":[],"class_list":["post-9","post","type-post","status-publish","format-standard","has-post-thumbnail","hentry","category-blog"],"_links":{"self":[{"href":"https:\/\/sardestekstil.com\/en\/wp-json\/wp\/v2\/posts\/9","targetHints":{"allow":["GET"]}}],"collection":[{"href":"https:\/\/sardestekstil.com\/en\/wp-json\/wp\/v2\/posts"}],"about":[{"href":"https:\/\/sardestekstil.com\/en\/wp-json\/wp\/v2\/types\/post"}],"author":[{"embeddable":true,"href":"https:\/\/sardestekstil.com\/en\/wp-json\/wp\/v2\/users\/2"}],"replies":[{"embeddable":true,"href":"https:\/\/sardestekstil.com\/en\/wp-json\/wp\/v2\/comments?post=9"}],"version-history":[{"count":5,"href":"https:\/\/sardestekstil.com\/en\/wp-json\/wp\/v2\/posts\/9\/revisions"}],"predecessor-version":[{"id":11120,"href":"https:\/\/sardestekstil.com\/en\/wp-json\/wp\/v2\/posts\/9\/revisions\/11120"}],"wp:featuredmedia":[{"embeddable":true,"href":"https:\/\/sardestekstil.com\/en\/wp-json\/wp\/v2\/media\/10087"}],"wp:attachment":[{"href":"https:\/\/sardestekstil.com\/en\/wp-json\/wp\/v2\/media?parent=9"}],"wp:term":[{"taxonomy":"category","embeddable":true,"href":"https:\/\/sardestekstil.com\/en\/wp-json\/wp\/v2\/categories?post=9"},{"taxonomy":"post_tag","embeddable":true,"href":"https:\/\/sardestekstil.com\/en\/wp-json\/wp\/v2\/tags?post=9"}],"curies":[{"name":"wp","href":"https:\/\/api.w.org\/{rel}","templated":true}]}}